{"id":33142,"date":"2025-01-20T17:45:25","date_gmt":"2025-01-20T22:45:25","guid":{"rendered":"https:\/\/www.hallco.org\/web\/?p=33142"},"modified":"2025-01-20T17:45:25","modified_gmt":"2025-01-20T22:45:25","slug":"school-from-home-day-on-january-21-2025","status":"publish","type":"post","link":"https:\/\/www.hallco.org\/web\/school-from-home-day-on-january-21-2025\/","title":{"rendered":"School from home day on January 21, 2025"},"content":{"rendered":"<p>The Hall County School District will have a school from home day on January 21, 2025. The safety of our students and staff is our number one priority.<\/p>\n<p>Governor Brian Kemp has declared a statewide state of emergency ahead of anticipated winter weather, and Hall County is under a winter weather advisory. The timing and possibility of snow tomorrow morning has the potential to affect roadways immediately.<\/p>\n<p>Students should access assignments through Canvas, prearranged packets from teachers , or assignments posted to their respective school websites. Additionally, schools may choose to send messages to families regarding assignments through Infinite Campus.<\/p>\n<p>All 12-month employees are asked to report to their designated buildings at 8:00AM.<\/p>\n<p>As of now, all after-school practices and extracurricular events scheduled for Tuesday, January 21 are canceled.<br \/>\nDistrict officials will continue to monitor the weather and road conditions and will provide an update by 4:00PM Tuesday regarding school and extracurricular events scheduled for Wednesday, January 22, 2025.<\/p>\n<p>We appreciate your understanding and cooperation as we prioritize the safety and well-being of our students and staff.<\/p>\n<p>&#8212;&#8212;<br \/>\nEl Distrito Escolar del Condado de Hall tendr\u00e1 un d\u00eda de clases desde casa el 21 de enero de 2025. La seguridad de nuestros estudiantes y personal es nuestra prioridad n\u00famero uno.<\/p>\n<p>El gobernador Brian Kemp ha declarado un estado de emergencia estatal ante el clima invernal previsto, y el Condado de Hall est\u00e1 bajo un aviso de clima invernal. El momento y la posibilidad de nieve ma\u00f1ana por la ma\u00f1ana tienen el potencial de afectar las carreteras de inmediato.<\/p>\n<p>Los estudiantes deben acceder a las tareas a trav\u00e9s de Canvas, paquetes preestablecidos de los maestros o tareas publicadas en los sitios web de sus respectivas escuelas. Adem\u00e1s, las escuelas pueden optar por enviar mensajes a las familias sobre las tareas a trav\u00e9s de Infinite Campus.<\/p>\n<p>Se solicita a todos los empleados de 12 meses que se presenten en sus edificios designados a las 8:00 a. m.<br \/>\nA partir de ahora, todas las pr\u00e1cticas despu\u00e9s de la escuela y los eventos extracurriculares programados para el martes 21 de enero est\u00e1n cancelados.<\/p>\n<p>Los funcionarios del distrito seguir\u00e1n monitoreando el clima y las condiciones de las carreteras y brindar\u00e1n una actualizaci\u00f3n antes de las 4:00 p. m. del martes sobre los eventos escolares y extracurriculares programados para el mi\u00e9rcoles 22 de enero de 2025.<\/p>\n<p>Agradecemos su comprensi\u00f3n y cooperaci\u00f3n mientras priorizamos la seguridad y el bienestar de nuestros estudiantes y personal.<\/p>\n","protected":false},"excerpt":{"rendered":"<p>The Hall County School District will have a school from home day on January 21, 2025. The safety of our students and staff is our number one priority. Governor Brian Kemp has declared a statewide state of emergency ahead of anticipated winter weather, and Hall County is under a winter weather advisory. The timing and [&hellip;]<\/p>\n","protected":false},"author":9,"featured_media":12402,"comment_status":"closed","ping_status":"closed","sticky":false,"template":"","format":"standard","meta":{"_monsterinsights_skip_tracking":false,"_monsterinsights_sitenote_active":false,"_monsterinsights_sitenote_note":"","_monsterinsights_sitenote_category":0,"footnotes":""},"categories":[16],"tags":[],"class_list":["post-33142","post","type-post","status-publish","format-standard","has-post-thumbnail","hentry","category-news"],"yoast_head":"<!-- This site is optimized with the Yoast SEO plugin v27.5 - https:\/\/yoast.com\/product\/yoast-seo-wordpress\/ -->\n<title>School from home day on January 21, 2025 - Hall County Schools<\/title>\n<meta name=\"robots\" content=\"index, follow, max-snippet:-1, max-image-preview:large, max-video-preview:-1\" \/>\n<link rel=\"canonical\" href=\"https:\/\/www.hallco.org\/web\/school-from-home-day-on-january-21-2025\/\" \/>\n<meta property=\"og:locale\" content=\"en_US\" \/>\n<meta property=\"og:type\" content=\"article\" \/>\n<meta property=\"og:title\" content=\"School from home day on January 21, 2025 - Hall County Schools\" \/>\n<meta property=\"og:description\" content=\"The Hall County School District will have a school from home day on January 21, 2025. The safety of our students and staff is our number one priority. Governor Brian Kemp has declared a statewide state of emergency ahead of anticipated winter weather, and Hall County is under a winter weather advisory. The timing and [&hellip;]\" \/>\n<meta property=\"og:url\" content=\"https:\/\/www.hallco.org\/web\/school-from-home-day-on-january-21-2025\/\" \/>\n<meta property=\"og:site_name\" content=\"Hall County Schools\" \/>\n<meta property=\"article:publisher\" content=\"https:\/\/www.facebook.com\/hallcountyschools\/\" \/>\n<meta property=\"article:published_time\" content=\"2025-01-20T22:45:25+00:00\" \/>\n<meta property=\"og:image\" content=\"https:\/\/www.hallco.org\/web\/wp-content\/uploads\/2019\/03\/HCSD_Logo-Icon-Flame.png\" \/>\n\t<meta property=\"og:image:width\" content=\"512\" \/>\n\t<meta property=\"og:image:height\" content=\"512\" \/>\n\t<meta property=\"og:image:type\" content=\"image\/png\" \/>\n<meta name=\"author\" content=\"Jedidiah Daniels\" \/>\n<meta name=\"twitter:card\" content=\"summary_large_image\" \/>\n<meta name=\"twitter:creator\" content=\"@Hall_Schools\" \/>\n<meta name=\"twitter:site\" content=\"@Hall_Schools\" \/>\n<meta name=\"twitter:label1\" content=\"Written by\" \/>\n\t<meta name=\"twitter:data1\" content=\"Jedidiah Daniels\" \/>\n\t<meta name=\"twitter:label2\" content=\"Est. reading time\" \/>\n\t<meta name=\"twitter:data2\" content=\"2 minutes\" \/>\n<script type=\"application\/ld+json\" class=\"yoast-schema-graph\">{\"@context\":\"https:\\\/\\\/schema.org\",\"@graph\":[{\"@type\":\"Article\",\"@id\":\"https:\\\/\\\/www.hallco.org\\\/web\\\/school-from-home-day-on-january-21-2025\\\/#article\",\"isPartOf\":{\"@id\":\"https:\\\/\\\/www.hallco.org\\\/web\\\/school-from-home-day-on-january-21-2025\\\/\"},\"author\":{\"name\":\"Jedidiah Daniels\",\"@id\":\"https:\\\/\\\/www.hallco.org\\\/web\\\/#\\\/schema\\\/person\\\/bf9fa600f72001de9ab307d1b49016a6\"},\"headline\":\"School from home day on January 21, 2025\",\"datePublished\":\"2025-01-20T22:45:25+00:00\",\"mainEntityOfPage\":{\"@id\":\"https:\\\/\\\/www.hallco.org\\\/web\\\/school-from-home-day-on-january-21-2025\\\/\"},\"wordCount\":415,\"image\":{\"@id\":\"https:\\\/\\\/www.hallco.org\\\/web\\\/school-from-home-day-on-january-21-2025\\\/#primaryimage\"},\"thumbnailUrl\":\"https:\\\/\\\/www.hallco.org\\\/web\\\/wp-content\\\/uploads\\\/2019\\\/03\\\/HCSD_Logo-Icon-Flame.png\",\"articleSection\":[\"District News\"],\"inLanguage\":\"en-US\"},{\"@type\":\"WebPage\",\"@id\":\"https:\\\/\\\/www.hallco.org\\\/web\\\/school-from-home-day-on-january-21-2025\\\/\",\"url\":\"https:\\\/\\\/www.hallco.org\\\/web\\\/school-from-home-day-on-january-21-2025\\\/\",\"name\":\"School from home day on January 21, 2025 - Hall County Schools\",\"isPartOf\":{\"@id\":\"https:\\\/\\\/www.hallco.org\\\/web\\\/#website\"},\"primaryImageOfPage\":{\"@id\":\"https:\\\/\\\/www.hallco.org\\\/web\\\/school-from-home-day-on-january-21-2025\\\/#primaryimage\"},\"image\":{\"@id\":\"https:\\\/\\\/www.hallco.org\\\/web\\\/school-from-home-day-on-january-21-2025\\\/#primaryimage\"},\"thumbnailUrl\":\"https:\\\/\\\/www.hallco.org\\\/web\\\/wp-content\\\/uploads\\\/2019\\\/03\\\/HCSD_Logo-Icon-Flame.png\",\"datePublished\":\"2025-01-20T22:45:25+00:00\",\"author\":{\"@id\":\"https:\\\/\\\/www.hallco.org\\\/web\\\/#\\\/schema\\\/person\\\/bf9fa600f72001de9ab307d1b49016a6\"},\"breadcrumb\":{\"@id\":\"https:\\\/\\\/www.hallco.org\\\/web\\\/school-from-home-day-on-january-21-2025\\\/#breadcrumb\"},\"inLanguage\":\"en-US\",\"potentialAction\":[{\"@type\":\"ReadAction\",\"target\":[\"https:\\\/\\\/www.hallco.org\\\/web\\\/school-from-home-day-on-january-21-2025\\\/\"]}]},{\"@type\":\"ImageObject\",\"inLanguage\":\"en-US\",\"@id\":\"https:\\\/\\\/www.hallco.org\\\/web\\\/school-from-home-day-on-january-21-2025\\\/#primaryimage\",\"url\":\"https:\\\/\\\/www.hallco.org\\\/web\\\/wp-content\\\/uploads\\\/2019\\\/03\\\/HCSD_Logo-Icon-Flame.png\",\"contentUrl\":\"https:\\\/\\\/www.hallco.org\\\/web\\\/wp-content\\\/uploads\\\/2019\\\/03\\\/HCSD_Logo-Icon-Flame.png\",\"width\":512,\"height\":512,\"caption\":\"Hall County School Flame\"},{\"@type\":\"BreadcrumbList\",\"@id\":\"https:\\\/\\\/www.hallco.org\\\/web\\\/school-from-home-day-on-january-21-2025\\\/#breadcrumb\",\"itemListElement\":[{\"@type\":\"ListItem\",\"position\":1,\"name\":\"Home\",\"item\":\"https:\\\/\\\/www.hallco.org\\\/web\\\/homepage\\\/\"},{\"@type\":\"ListItem\",\"position\":2,\"name\":\"School from home day on January 21, 2025\"}]},{\"@type\":\"WebSite\",\"@id\":\"https:\\\/\\\/www.hallco.org\\\/web\\\/#website\",\"url\":\"https:\\\/\\\/www.hallco.org\\\/web\\\/\",\"name\":\"Hall County Schools\",\"description\":\"The Most Caring Place On Earth\",\"potentialAction\":[{\"@type\":\"SearchAction\",\"target\":{\"@type\":\"EntryPoint\",\"urlTemplate\":\"https:\\\/\\\/www.hallco.org\\\/web\\\/?s={search_term_string}\"},\"query-input\":{\"@type\":\"PropertyValueSpecification\",\"valueRequired\":true,\"valueName\":\"search_term_string\"}}],\"inLanguage\":\"en-US\"},{\"@type\":\"Person\",\"@id\":\"https:\\\/\\\/www.hallco.org\\\/web\\\/#\\\/schema\\\/person\\\/bf9fa600f72001de9ab307d1b49016a6\",\"name\":\"Jedidiah Daniels\",\"url\":\"https:\\\/\\\/www.hallco.org\\\/web\\\/author\\\/jedidiah-daniels\\\/\"}]}<\/script>\n<!-- \/ Yoast SEO plugin. -->","yoast_head_json":{"title":"School from home day on January 21, 2025 - Hall County Schools","robots":{"index":"index","follow":"follow","max-snippet":"max-snippet:-1","max-image-preview":"max-image-preview:large","max-video-preview":"max-video-preview:-1"},"canonical":"https:\/\/www.hallco.org\/web\/school-from-home-day-on-january-21-2025\/","og_locale":"en_US","og_type":"article","og_title":"School from home day on January 21, 2025 - Hall County Schools","og_description":"The Hall County School District will have a school from home day on January 21, 2025. The safety of our students and staff is our number one priority. Governor Brian Kemp has declared a statewide state of emergency ahead of anticipated winter weather, and Hall County is under a winter weather advisory. The timing and [&hellip;]","og_url":"https:\/\/www.hallco.org\/web\/school-from-home-day-on-january-21-2025\/","og_site_name":"Hall County Schools","article_publisher":"https:\/\/www.facebook.com\/hallcountyschools\/","article_published_time":"2025-01-20T22:45:25+00:00","og_image":[{"width":512,"height":512,"url":"https:\/\/www.hallco.org\/web\/wp-content\/uploads\/2019\/03\/HCSD_Logo-Icon-Flame.png","type":"image\/png"}],"author":"Jedidiah Daniels","twitter_card":"summary_large_image","twitter_creator":"@Hall_Schools","twitter_site":"@Hall_Schools","twitter_misc":{"Written by":"Jedidiah Daniels","Est. reading time":"2 minutes"},"schema":{"@context":"https:\/\/schema.org","@graph":[{"@type":"Article","@id":"https:\/\/www.hallco.org\/web\/school-from-home-day-on-january-21-2025\/#article","isPartOf":{"@id":"https:\/\/www.hallco.org\/web\/school-from-home-day-on-january-21-2025\/"},"author":{"name":"Jedidiah Daniels","@id":"https:\/\/www.hallco.org\/web\/#\/schema\/person\/bf9fa600f72001de9ab307d1b49016a6"},"headline":"School from home day on January 21, 2025","datePublished":"2025-01-20T22:45:25+00:00","mainEntityOfPage":{"@id":"https:\/\/www.hallco.org\/web\/school-from-home-day-on-january-21-2025\/"},"wordCount":415,"image":{"@id":"https:\/\/www.hallco.org\/web\/school-from-home-day-on-january-21-2025\/#primaryimage"},"thumbnailUrl":"https:\/\/www.hallco.org\/web\/wp-content\/uploads\/2019\/03\/HCSD_Logo-Icon-Flame.png","articleSection":["District News"],"inLanguage":"en-US"},{"@type":"WebPage","@id":"https:\/\/www.hallco.org\/web\/school-from-home-day-on-january-21-2025\/","url":"https:\/\/www.hallco.org\/web\/school-from-home-day-on-january-21-2025\/","name":"School from home day on January 21, 2025 - Hall County Schools","isPartOf":{"@id":"https:\/\/www.hallco.org\/web\/#website"},"primaryImageOfPage":{"@id":"https:\/\/www.hallco.org\/web\/school-from-home-day-on-january-21-2025\/#primaryimage"},"image":{"@id":"https:\/\/www.hallco.org\/web\/school-from-home-day-on-january-21-2025\/#primaryimage"},"thumbnailUrl":"https:\/\/www.hallco.org\/web\/wp-content\/uploads\/2019\/03\/HCSD_Logo-Icon-Flame.png","datePublished":"2025-01-20T22:45:25+00:00","author":{"@id":"https:\/\/www.hallco.org\/web\/#\/schema\/person\/bf9fa600f72001de9ab307d1b49016a6"},"breadcrumb":{"@id":"https:\/\/www.hallco.org\/web\/school-from-home-day-on-january-21-2025\/#breadcrumb"},"inLanguage":"en-US","potentialAction":[{"@type":"ReadAction","target":["https:\/\/www.hallco.org\/web\/school-from-home-day-on-january-21-2025\/"]}]},{"@type":"ImageObject","inLanguage":"en-US","@id":"https:\/\/www.hallco.org\/web\/school-from-home-day-on-january-21-2025\/#primaryimage","url":"https:\/\/www.hallco.org\/web\/wp-content\/uploads\/2019\/03\/HCSD_Logo-Icon-Flame.png","contentUrl":"https:\/\/www.hallco.org\/web\/wp-content\/uploads\/2019\/03\/HCSD_Logo-Icon-Flame.png","width":512,"height":512,"caption":"Hall County School Flame"},{"@type":"BreadcrumbList","@id":"https:\/\/www.hallco.org\/web\/school-from-home-day-on-january-21-2025\/#breadcrumb","itemListElement":[{"@type":"ListItem","position":1,"name":"Home","item":"https:\/\/www.hallco.org\/web\/homepage\/"},{"@type":"ListItem","position":2,"name":"School from home day on January 21, 2025"}]},{"@type":"WebSite","@id":"https:\/\/www.hallco.org\/web\/#website","url":"https:\/\/www.hallco.org\/web\/","name":"Hall County Schools","description":"The Most Caring Place On Earth","potentialAction":[{"@type":"SearchAction","target":{"@type":"EntryPoint","urlTemplate":"https:\/\/www.hallco.org\/web\/?s={search_term_string}"},"query-input":{"@type":"PropertyValueSpecification","valueRequired":true,"valueName":"search_term_string"}}],"inLanguage":"en-US"},{"@type":"Person","@id":"https:\/\/www.hallco.org\/web\/#\/schema\/person\/bf9fa600f72001de9ab307d1b49016a6","name":"Jedidiah Daniels","url":"https:\/\/www.hallco.org\/web\/author\/jedidiah-daniels\/"}]}},"_links":{"self":[{"href":"https:\/\/www.hallco.org\/web\/wp-json\/wp\/v2\/posts\/33142","targetHints":{"allow":["GET"]}}],"collection":[{"href":"https:\/\/www.hallco.org\/web\/wp-json\/wp\/v2\/posts"}],"about":[{"href":"https:\/\/www.hallco.org\/web\/wp-json\/wp\/v2\/types\/post"}],"author":[{"embeddable":true,"href":"https:\/\/www.hallco.org\/web\/wp-json\/wp\/v2\/users\/9"}],"replies":[{"embeddable":true,"href":"https:\/\/www.hallco.org\/web\/wp-json\/wp\/v2\/comments?post=33142"}],"version-history":[{"count":2,"href":"https:\/\/www.hallco.org\/web\/wp-json\/wp\/v2\/posts\/33142\/revisions"}],"predecessor-version":[{"id":33144,"href":"https:\/\/www.hallco.org\/web\/wp-json\/wp\/v2\/posts\/33142\/revisions\/33144"}],"wp:featuredmedia":[{"embeddable":true,"href":"https:\/\/www.hallco.org\/web\/wp-json\/wp\/v2\/media\/12402"}],"wp:attachment":[{"href":"https:\/\/www.hallco.org\/web\/wp-json\/wp\/v2\/media?parent=33142"}],"wp:term":[{"taxonomy":"category","embeddable":true,"href":"https:\/\/www.hallco.org\/web\/wp-json\/wp\/v2\/categories?post=33142"},{"taxonomy":"post_tag","embeddable":true,"href":"https:\/\/www.hallco.org\/web\/wp-json\/wp\/v2\/tags?post=33142"}],"curies":[{"name":"wp","href":"https:\/\/api.w.org\/{rel}","templated":true}]}}